{"id":220,"date":"2006-12-03T15:42:52","date_gmt":"2006-12-03T13:42:52","guid":{"rendered":"http:\/\/www.guion78.com\/wordpress\/?p=220"},"modified":"2006-12-03T15:42:52","modified_gmt":"2006-12-03T13:42:52","slug":"seminario-a-udine-sulle-tecnologie-multimediali-e-il-podcasting","status":"publish","type":"post","link":"https:\/\/www.guion78.com\/wordpress\/blog\/2006\/12\/03\/seminario-a-udine-sulle-tecnologie-multimediali-e-il-podcasting\/","title":{"rendered":"Seminario a Udine sulle tecnologie multimediali e il podcasting."},"content":{"rendered":"<p>Riporto questa interessante notizia che ho letto sul portale Tevac.com riguardo all\u2019 Universit\u00e0 di Udine e Apple:<\/p>\n<p>Techwork, con la Facolt\u00e0 di Ingegneria e il Dipartimento di Ingegneria Elettrica, Gestionale e Meccanica (DIEGM) dell\u2019Universit\u00e0 degli Studi di Udine e in collaborazione con Apple Italia, organizza un seminario di approfondimento sul tema: \u201cLe tecnologie multimediali e il podcasting: nuove frontiere per l\u2019e-learning\u201d<br \/>\nIl seminario, che si terr\u00e0 il prossimo mercoled\u00ec 6 dicembre 2006 nella sala Tomadini della sede universitaria di via Tomadini 30, a Udine, avr\u00e0 il seguente programma:<br \/>\n\u2013 in mattinata (dalle ore 9.30 alle ore 12.30), per una sessione dedicata ai docenti e dirigenti scolastici e ai docenti universitari, interverranno il prof. Pier Luca Montessoro, direttore del DIEGM, l\u2019ing. Davide Pierattoni, ricercatore del DIEGM, e, relatori esterni, la docente Antonella Brugnoli, Apple Distinguished Educator per il FVG, e il prof. Alberto Pian, Apple Distinguished Educator per il Piemonte; anticipazione della technology preview, in anteprima italiana, della soluzione Apple per il podcasting<br \/>\n\u2013 nel pomeriggio, a partire dalle ore 14.30: sintesi degli interventi della prima parte con Antonella Brugnoli e Alberto Pian; technology preview, in anteprima italiana, della soluzione Apple per il podcasting; interverranno Andrea Baretella, major account pre sales engineer di Apple Italia, Piero Zucchi, tecnico certificato Apple e responsabile sistemi integrati di Techwork e Giovanni Ermacora, tecnico certificato Apple attivo nel settore educational, che illustreranno la soluzione sviluppata da Apple con esempi pratici e affronteranno le varie problematiche derivanti dall\u2019implementazione del sistema podcasting e dalla sua integrazione con le infrastrutture esistenti.<br \/>\nAd entrambe le sessioni seguir\u00e0 un dibattito libero.<br \/>\nPer la partecipazione al seminario \u00e8 richiesta la registrazione all\u2019indirizzo <a href=\"http:\/\/www.techwork.it\/sito\/index.php?page=insert_reqcorsi\">www.techwork.it<\/a>.<br \/>\nPer info: eventi@techwork.it<\/p>\n","protected":false},"excerpt":{"rendered":"<p>Riporto questa interessante notizia che ho letto sul portale Tevac.com riguardo all\u2019 Universit\u00e0 di Udine e Apple: Techwork, con la Facolt\u00e0 di Ingegneria e il Dipartimento di Ingegneria Elettrica, Gestionale e Meccanica (DIEGM) dell\u2019Universit\u00e0 degli Studi di Udine e in collaborazione con Apple Italia, organizza un seminario di approfondimento sul tema: \u201cLe tecnologie multimediali e [&hellip;]<\/p>\n","protected":false},"author":1,"featured_media":0,"comment_status":"open","ping_status":"closed","sticky":false,"template":"","format":"standard","meta":{"_bbp_topic_count":0,"_bbp_reply_count":0,"_bbp_total_topic_count":0,"_bbp_total_reply_count":0,"_bbp_voice_count":0,"_bbp_anonymous_reply_count":0,"_bbp_topic_count_hidden":0,"_bbp_reply_count_hidden":0,"_bbp_forum_subforum_count":0,"ngg_post_thumbnail":0,"footnotes":""},"categories":[6,5],"tags":[],"class_list":["post-220","post","type-post","status-publish","format-standard","hentry","category-apple","category-informatica"],"yoast_head":"<!-- This site is optimized with the Yoast SEO plugin v27.5 - https:\/\/yoast.com\/product\/yoast-seo-wordpress\/ -->\n<title>Seminario a Udine sulle tecnologie multimediali e il podcasting. - Guion Matteo<\/title>\n<meta name=\"robots\" content=\"index, follow, max-snippet:-1, max-image-preview:large, max-video-preview:-1\" \/>\n<link rel=\"canonical\" href=\"https:\/\/www.guion78.com\/wordpress\/blog\/2006\/12\/03\/seminario-a-udine-sulle-tecnologie-multimediali-e-il-podcasting\/\" \/>\n<meta property=\"og:locale\" content=\"it_IT\" \/>\n<meta property=\"og:type\" content=\"article\" \/>\n<meta property=\"og:title\" content=\"Seminario a Udine sulle tecnologie multimediali e il podcasting. - Guion Matteo\" \/>\n<meta property=\"og:description\" content=\"Riporto questa interessante notizia che ho letto sul portale Tevac.com riguardo all\u2019 Universit\u00e0 di Udine e Apple: Techwork, con la Facolt\u00e0 di Ingegneria e il Dipartimento di Ingegneria Elettrica, Gestionale e Meccanica (DIEGM) dell\u2019Universit\u00e0 degli Studi di Udine e in collaborazione con Apple Italia, organizza un seminario di approfondimento sul tema: \u201cLe tecnologie multimediali e [&hellip;]\" \/>\n<meta property=\"og:url\" content=\"https:\/\/www.guion78.com\/wordpress\/blog\/2006\/12\/03\/seminario-a-udine-sulle-tecnologie-multimediali-e-il-podcasting\/\" \/>\n<meta property=\"og:site_name\" content=\"Guion Matteo\" \/>\n<meta property=\"article:publisher\" content=\"https:\/\/www.facebook.com\/BlogMatteoGuion\/\" \/>\n<meta property=\"article:published_time\" content=\"2006-12-03T13:42:52+00:00\" \/>\n<meta name=\"author\" content=\"Gua78\" \/>\n<meta name=\"twitter:label1\" content=\"Scritto da\" \/>\n\t<meta name=\"twitter:data1\" content=\"Gua78\" \/>\n\t<meta name=\"twitter:label2\" content=\"Tempo di lettura stimato\" \/>\n\t<meta name=\"twitter:data2\" content=\"1 minuto\" \/>\n<script type=\"application\/ld+json\" class=\"yoast-schema-graph\">{\"@context\":\"https:\\\/\\\/schema.org\",\"@graph\":[{\"@type\":\"Article\",\"@id\":\"https:\\\/\\\/www.guion78.com\\\/wordpress\\\/blog\\\/2006\\\/12\\\/03\\\/seminario-a-udine-sulle-tecnologie-multimediali-e-il-podcasting\\\/#article\",\"isPartOf\":{\"@id\":\"https:\\\/\\\/www.guion78.com\\\/wordpress\\\/blog\\\/2006\\\/12\\\/03\\\/seminario-a-udine-sulle-tecnologie-multimediali-e-il-podcasting\\\/\"},\"author\":{\"name\":\"Gua78\",\"@id\":\"https:\\\/\\\/www.guion78.com\\\/wordpress\\\/#\\\/schema\\\/person\\\/dc866ea65964583c162e5476e0ed60e9\"},\"headline\":\"Seminario a Udine sulle tecnologie multimediali e il podcasting.\",\"datePublished\":\"2006-12-03T13:42:52+00:00\",\"mainEntityOfPage\":{\"@id\":\"https:\\\/\\\/www.guion78.com\\\/wordpress\\\/blog\\\/2006\\\/12\\\/03\\\/seminario-a-udine-sulle-tecnologie-multimediali-e-il-podcasting\\\/\"},\"wordCount\":282,\"commentCount\":0,\"articleSection\":[\"Apple\",\"Informatica\"],\"inLanguage\":\"it-IT\",\"potentialAction\":[{\"@type\":\"CommentAction\",\"name\":\"Comment\",\"target\":[\"https:\\\/\\\/www.guion78.com\\\/wordpress\\\/blog\\\/2006\\\/12\\\/03\\\/seminario-a-udine-sulle-tecnologie-multimediali-e-il-podcasting\\\/#respond\"]}]},{\"@type\":\"WebPage\",\"@id\":\"https:\\\/\\\/www.guion78.com\\\/wordpress\\\/blog\\\/2006\\\/12\\\/03\\\/seminario-a-udine-sulle-tecnologie-multimediali-e-il-podcasting\\\/\",\"url\":\"https:\\\/\\\/www.guion78.com\\\/wordpress\\\/blog\\\/2006\\\/12\\\/03\\\/seminario-a-udine-sulle-tecnologie-multimediali-e-il-podcasting\\\/\",\"name\":\"Seminario a Udine sulle tecnologie multimediali e il podcasting. - Guion Matteo\",\"isPartOf\":{\"@id\":\"https:\\\/\\\/www.guion78.com\\\/wordpress\\\/#website\"},\"datePublished\":\"2006-12-03T13:42:52+00:00\",\"author\":{\"@id\":\"https:\\\/\\\/www.guion78.com\\\/wordpress\\\/#\\\/schema\\\/person\\\/dc866ea65964583c162e5476e0ed60e9\"},\"breadcrumb\":{\"@id\":\"https:\\\/\\\/www.guion78.com\\\/wordpress\\\/blog\\\/2006\\\/12\\\/03\\\/seminario-a-udine-sulle-tecnologie-multimediali-e-il-podcasting\\\/#breadcrumb\"},\"inLanguage\":\"it-IT\",\"potentialAction\":[{\"@type\":\"ReadAction\",\"target\":[\"https:\\\/\\\/www.guion78.com\\\/wordpress\\\/blog\\\/2006\\\/12\\\/03\\\/seminario-a-udine-sulle-tecnologie-multimediali-e-il-podcasting\\\/\"]}]},{\"@type\":\"BreadcrumbList\",\"@id\":\"https:\\\/\\\/www.guion78.com\\\/wordpress\\\/blog\\\/2006\\\/12\\\/03\\\/seminario-a-udine-sulle-tecnologie-multimediali-e-il-podcasting\\\/#breadcrumb\",\"itemListElement\":[{\"@type\":\"ListItem\",\"position\":1,\"name\":\"Home\",\"item\":\"https:\\\/\\\/www.guion78.com\\\/wordpress\\\/\"},{\"@type\":\"ListItem\",\"position\":2,\"name\":\"Seminario a Udine sulle tecnologie multimediali e il podcasting.\"}]},{\"@type\":\"WebSite\",\"@id\":\"https:\\\/\\\/www.guion78.com\\\/wordpress\\\/#website\",\"url\":\"https:\\\/\\\/www.guion78.com\\\/wordpress\\\/\",\"name\":\"Guion Matteo\",\"description\":\"Il Blog ? finalizzato a dare una mano nei problemi informatici di tutti i giorni a tutti quelli a cui pu\u00f2 essere utile, spiegato in modo semplice e passo a passo\",\"potentialAction\":[{\"@type\":\"SearchAction\",\"target\":{\"@type\":\"EntryPoint\",\"urlTemplate\":\"https:\\\/\\\/www.guion78.com\\\/wordpress\\\/?s={search_term_string}\"},\"query-input\":{\"@type\":\"PropertyValueSpecification\",\"valueRequired\":true,\"valueName\":\"search_term_string\"}}],\"inLanguage\":\"it-IT\"},{\"@type\":\"Person\",\"@id\":\"https:\\\/\\\/www.guion78.com\\\/wordpress\\\/#\\\/schema\\\/person\\\/dc866ea65964583c162e5476e0ed60e9\",\"name\":\"Gua78\",\"image\":{\"@type\":\"ImageObject\",\"inLanguage\":\"it-IT\",\"@id\":\"https:\\\/\\\/secure.gravatar.com\\\/avatar\\\/4e4699b3c931feae00228b34007799d5331f707aa1cfd35b40d0e0637d82cf18?s=96&d=mm&r=pg\",\"url\":\"https:\\\/\\\/secure.gravatar.com\\\/avatar\\\/4e4699b3c931feae00228b34007799d5331f707aa1cfd35b40d0e0637d82cf18?s=96&d=mm&r=pg\",\"contentUrl\":\"https:\\\/\\\/secure.gravatar.com\\\/avatar\\\/4e4699b3c931feae00228b34007799d5331f707aa1cfd35b40d0e0637d82cf18?s=96&d=mm&r=pg\",\"caption\":\"Gua78\"},\"description\":\"Amministratore del Portale\",\"sameAs\":[\"http:\\\/\\\/www.guion78.com\"],\"url\":\"https:\\\/\\\/www.guion78.com\\\/wordpress\\\/blog\\\/author\\\/administrator\\\/\"}]}<\/script>\n<!-- \/ Yoast SEO plugin. -->","yoast_head_json":{"title":"Seminario a Udine sulle tecnologie multimediali e il podcasting. - Guion Matteo","robots":{"index":"index","follow":"follow","max-snippet":"max-snippet:-1","max-image-preview":"max-image-preview:large","max-video-preview":"max-video-preview:-1"},"canonical":"https:\/\/www.guion78.com\/wordpress\/blog\/2006\/12\/03\/seminario-a-udine-sulle-tecnologie-multimediali-e-il-podcasting\/","og_locale":"it_IT","og_type":"article","og_title":"Seminario a Udine sulle tecnologie multimediali e il podcasting. - Guion Matteo","og_description":"Riporto questa interessante notizia che ho letto sul portale Tevac.com riguardo all\u2019 Universit\u00e0 di Udine e Apple: Techwork, con la Facolt\u00e0 di Ingegneria e il Dipartimento di Ingegneria Elettrica, Gestionale e Meccanica (DIEGM) dell\u2019Universit\u00e0 degli Studi di Udine e in collaborazione con Apple Italia, organizza un seminario di approfondimento sul tema: \u201cLe tecnologie multimediali e [&hellip;]","og_url":"https:\/\/www.guion78.com\/wordpress\/blog\/2006\/12\/03\/seminario-a-udine-sulle-tecnologie-multimediali-e-il-podcasting\/","og_site_name":"Guion Matteo","article_publisher":"https:\/\/www.facebook.com\/BlogMatteoGuion\/","article_published_time":"2006-12-03T13:42:52+00:00","author":"Gua78","twitter_misc":{"Scritto da":"Gua78","Tempo di lettura stimato":"1 minuto"},"schema":{"@context":"https:\/\/schema.org","@graph":[{"@type":"Article","@id":"https:\/\/www.guion78.com\/wordpress\/blog\/2006\/12\/03\/seminario-a-udine-sulle-tecnologie-multimediali-e-il-podcasting\/#article","isPartOf":{"@id":"https:\/\/www.guion78.com\/wordpress\/blog\/2006\/12\/03\/seminario-a-udine-sulle-tecnologie-multimediali-e-il-podcasting\/"},"author":{"name":"Gua78","@id":"https:\/\/www.guion78.com\/wordpress\/#\/schema\/person\/dc866ea65964583c162e5476e0ed60e9"},"headline":"Seminario a Udine sulle tecnologie multimediali e il podcasting.","datePublished":"2006-12-03T13:42:52+00:00","mainEntityOfPage":{"@id":"https:\/\/www.guion78.com\/wordpress\/blog\/2006\/12\/03\/seminario-a-udine-sulle-tecnologie-multimediali-e-il-podcasting\/"},"wordCount":282,"commentCount":0,"articleSection":["Apple","Informatica"],"inLanguage":"it-IT","potentialAction":[{"@type":"CommentAction","name":"Comment","target":["https:\/\/www.guion78.com\/wordpress\/blog\/2006\/12\/03\/seminario-a-udine-sulle-tecnologie-multimediali-e-il-podcasting\/#respond"]}]},{"@type":"WebPage","@id":"https:\/\/www.guion78.com\/wordpress\/blog\/2006\/12\/03\/seminario-a-udine-sulle-tecnologie-multimediali-e-il-podcasting\/","url":"https:\/\/www.guion78.com\/wordpress\/blog\/2006\/12\/03\/seminario-a-udine-sulle-tecnologie-multimediali-e-il-podcasting\/","name":"Seminario a Udine sulle tecnologie multimediali e il podcasting. - Guion Matteo","isPartOf":{"@id":"https:\/\/www.guion78.com\/wordpress\/#website"},"datePublished":"2006-12-03T13:42:52+00:00","author":{"@id":"https:\/\/www.guion78.com\/wordpress\/#\/schema\/person\/dc866ea65964583c162e5476e0ed60e9"},"breadcrumb":{"@id":"https:\/\/www.guion78.com\/wordpress\/blog\/2006\/12\/03\/seminario-a-udine-sulle-tecnologie-multimediali-e-il-podcasting\/#breadcrumb"},"inLanguage":"it-IT","potentialAction":[{"@type":"ReadAction","target":["https:\/\/www.guion78.com\/wordpress\/blog\/2006\/12\/03\/seminario-a-udine-sulle-tecnologie-multimediali-e-il-podcasting\/"]}]},{"@type":"BreadcrumbList","@id":"https:\/\/www.guion78.com\/wordpress\/blog\/2006\/12\/03\/seminario-a-udine-sulle-tecnologie-multimediali-e-il-podcasting\/#breadcrumb","itemListElement":[{"@type":"ListItem","position":1,"name":"Home","item":"https:\/\/www.guion78.com\/wordpress\/"},{"@type":"ListItem","position":2,"name":"Seminario a Udine sulle tecnologie multimediali e il podcasting."}]},{"@type":"WebSite","@id":"https:\/\/www.guion78.com\/wordpress\/#website","url":"https:\/\/www.guion78.com\/wordpress\/","name":"Guion Matteo","description":"Il Blog ? finalizzato a dare una mano nei problemi informatici di tutti i giorni a tutti quelli a cui pu\u00f2 essere utile, spiegato in modo semplice e passo a passo","potentialAction":[{"@type":"SearchAction","target":{"@type":"EntryPoint","urlTemplate":"https:\/\/www.guion78.com\/wordpress\/?s={search_term_string}"},"query-input":{"@type":"PropertyValueSpecification","valueRequired":true,"valueName":"search_term_string"}}],"inLanguage":"it-IT"},{"@type":"Person","@id":"https:\/\/www.guion78.com\/wordpress\/#\/schema\/person\/dc866ea65964583c162e5476e0ed60e9","name":"Gua78","image":{"@type":"ImageObject","inLanguage":"it-IT","@id":"https:\/\/secure.gravatar.com\/avatar\/4e4699b3c931feae00228b34007799d5331f707aa1cfd35b40d0e0637d82cf18?s=96&d=mm&r=pg","url":"https:\/\/secure.gravatar.com\/avatar\/4e4699b3c931feae00228b34007799d5331f707aa1cfd35b40d0e0637d82cf18?s=96&d=mm&r=pg","contentUrl":"https:\/\/secure.gravatar.com\/avatar\/4e4699b3c931feae00228b34007799d5331f707aa1cfd35b40d0e0637d82cf18?s=96&d=mm&r=pg","caption":"Gua78"},"description":"Amministratore del Portale","sameAs":["http:\/\/www.guion78.com"],"url":"https:\/\/www.guion78.com\/wordpress\/blog\/author\/administrator\/"}]}},"views":2099,"_links":{"self":[{"href":"https:\/\/www.guion78.com\/wordpress\/wp-json\/wp\/v2\/posts\/220","targetHints":{"allow":["GET"]}}],"collection":[{"href":"https:\/\/www.guion78.com\/wordpress\/wp-json\/wp\/v2\/posts"}],"about":[{"href":"https:\/\/www.guion78.com\/wordpress\/wp-json\/wp\/v2\/types\/post"}],"author":[{"embeddable":true,"href":"https:\/\/www.guion78.com\/wordpress\/wp-json\/wp\/v2\/users\/1"}],"replies":[{"embeddable":true,"href":"https:\/\/www.guion78.com\/wordpress\/wp-json\/wp\/v2\/comments?post=220"}],"version-history":[{"count":0,"href":"https:\/\/www.guion78.com\/wordpress\/wp-json\/wp\/v2\/posts\/220\/revisions"}],"wp:attachment":[{"href":"https:\/\/www.guion78.com\/wordpress\/wp-json\/wp\/v2\/media?parent=220"}],"wp:term":[{"taxonomy":"category","embeddable":true,"href":"https:\/\/www.guion78.com\/wordpress\/wp-json\/wp\/v2\/categories?post=220"},{"taxonomy":"post_tag","embeddable":true,"href":"https:\/\/www.guion78.com\/wordpress\/wp-json\/wp\/v2\/tags?post=220"}],"curies":[{"name":"wp","href":"https:\/\/api.w.org\/{rel}","templated":true}]}}